{"id":1192,"date":"2025-02-03T14:23:32","date_gmt":"2025-02-03T13:23:32","guid":{"rendered":"https:\/\/www.elnagh.com\/elnagh-al-salon-internacional-del-caravaning-3\/"},"modified":"2025-03-13T09:27:43","modified_gmt":"2025-03-13T08:27:43","slug":"elnagh-al-salon-internacional-del-caravaning-3","status":"publish","type":"post","link":"https:\/\/www.elnagh.com\/es\/elnagh-al-salon-internacional-del-caravaning-3\/","title":{"rendered":"Elnagh al Sal\u00f3n Internacional del Caravaning"},"content":{"rendered":"<p><strong>Elnagh<\/strong> participar\u00e1 en la<strong>\u00a0edici\u00f3n del Sal\u00f3n Internacional del Caravaning<\/strong> que se celebrar\u00e1 en <strong>Barcelona<\/strong>, en el Recinto de Gran V\u00eda, <strong>del\u00a07 al\u00a015 de octubre<\/strong>.<\/p>\n<p>Estos son los n\u00fameros del Sal\u00f3n, uno de los principales eventos en el sur de Europa dedicado al mundo de los campistas y caravanas.<\/p>\n<p>Elnagh te espera en\u00a0el <strong>Stand B19<\/strong>\u00a0para descubrir, en vista previa exclusiva\u00a0Espa\u00f1a, la nueva serie <a href=\"https:\/\/www.elnagh.com\/ES-es\/Catalogo\/Serie\/1\/Baron\" target=\"_blank\" rel=\"noopener\">Baron<\/a>, completamente renovada en sus l\u00edneas y dise\u00f1o.<\/p>\n<p>Los siguientes son los modelos de Elnagh en exhibici\u00f3n:<\/p>\n<div class=\"table-responsive\"><table class=\"table\" style=\"height: 1028px;\" width=\"304\">\n<tbody>\n<tr>\n<td width=\"213\"><a href=\"https:\/\/www.elnagh.com\/ES-es\/Catalogo\/Modello\/1363968\/Baron-20\" target=\"_blank\" rel=\"noopener\">BARON 20<\/a><\/td>\n<\/tr>\n<tr>\n<td width=\"213\"><a href=\"https:\/\/www.elnagh.com\/ES-es\/Catalogo\/Modello\/1363971\/Baron-22\" target=\"_blank\" rel=\"noopener\">BARON 22<\/a><\/td>\n<\/tr>\n<tr>\n<td width=\"213\"><a href=\"https:\/\/www.elnagh.com\/ES-es\/Catalogo\/Modello\/1363974\/Baron-65\" target=\"_blank\" rel=\"noopener\">BARON 65<\/a><\/td>\n<\/tr>\n<tr>\n<td width=\"213\"><a href=\"https:\/\/www.elnagh.com\/ES-es\/Catalogo\/Modello\/1363950\/Baron-531\" target=\"_blank\" rel=\"noopener\">BARON 531<\/a><\/td>\n<\/tr>\n<tr>\n<td width=\"213\"><a href=\"https:\/\/www.elnagh.com\/ES-es\/Catalogo\/Modello\/1363953\/Baron-560\" target=\"_blank\" rel=\"noopener\">BARON\u00a0 560<\/a><\/td>\n<\/tr>\n<tr>\n<td width=\"213\"><a href=\"https:\/\/www.elnagh.com\/ES-es\/Catalogo\/Modello\/1363960\/Baron-573\" target=\"_blank\" rel=\"noopener\">BARON 573<\/a><\/td>\n<\/tr>\n<tr>\n<td width=\"213\"><a href=\"https:\/\/www.elnagh.com\/ES-es\/Catalogo\/Modello\/1363964\/Baron-579\" target=\"_blank\" rel=\"noopener\">BARON\u00a0 579<\/a><\/td>\n<\/tr>\n<tr>\n<td width=\"213\"><a href=\"https:\/\/www.elnagh.com\/ES-es\/Catalogo\/Modello\/1363956\/Baron-565\" target=\"_blank\" rel=\"noopener\">BARON 565<\/a><\/td>\n<\/tr>\n<tr>\n<td width=\"213\"><a href=\"https:\/\/www.elnagh.com\/ES-es\/Catalogo\/Modello\/1363985\/T-Loft-450\" target=\"_blank\" rel=\"noopener\">TLOFT 450<\/a><\/td>\n<\/tr>\n<tr>\n<td width=\"213\"><a href=\"https:\/\/www.elnagh.com\/ES-es\/Catalogo\/Modello\/1363988\/T-Loft-529\" target=\"_blank\" rel=\"noopener\">TLOFT 529<\/a><\/td>\n<\/tr>\n<tr>\n<td width=\"213\"><a href=\"https:\/\/www.elnagh.com\/ES-es\/Catalogo\/Modello\/1363994\/T-Loft-530\" target=\"_blank\" rel=\"noopener\">TLOFT 530<\/a><\/td>\n<\/tr>\n<tr>\n<td width=\"213\"><a href=\"https:\/\/www.elnagh.com\/ES-es\/Catalogo\/Modello\/1363991\/T-Loft-532\" target=\"_blank\" rel=\"noopener\">TLOFT 532<\/a><\/td>\n<\/tr>\n<tr>\n<td width=\"213\"><a href=\"https:\/\/www.elnagh.com\/ES-es\/Catalogo\/Modello\/1363997\/T-Loft-582\" target=\"_blank\" rel=\"noopener\">TLOFT 582<\/a><\/td>\n<\/tr>\n<tr>\n<td width=\"213\"><a href=\"https:\/\/www.elnagh.com\/ES-es\/Catalogo\/Modello\/1363980\/Magnum-530\" target=\"_blank\" rel=\"noopener\">MAGNUM 530<\/a><\/td>\n<\/tr>\n<tr>\n<td width=\"213\"><a href=\"https:\/\/www.elnagh.com\/ES-es\/Catalogo\/Modello\/1363978\/Magnum-532\" target=\"_blank\" rel=\"noopener\">MAGNUM 532<\/a><\/td>\n<\/tr>\n<tr>\n<td width=\"213\"><a href=\"https:\/\/www.elnagh.com\/ES-es\/Catalogo\/Modello\/1363982\/Magnum-582\" target=\"_blank\" rel=\"noopener\">MAGNUM 582<\/a><\/td>\n<\/tr>\n<tr>\n<td width=\"213\"><a href=\"https:\/\/www.elnagh.com\/ES-es\/Catalogo\/Modello\/1405626\/E-Van-K2\" target=\"_blank\" rel=\"noopener\">E VAN K2<\/a><\/td>\n<\/tr>\n<tr>\n<td width=\"213\"><a href=\"https:\/\/www.elnagh.com\/ES-es\/Catalogo\/Modello\/1405532\/E-Van-5\" target=\"_blank\" rel=\"noopener\">E VAN\u00a0 5\u00a0<\/a><\/td>\n<\/tr>\n<tr>\n<td width=\"213\"><a href=\"https:\/\/www.elnagh.com\/ES-es\/Catalogo\/Modello\/1405720\/E-Van-2-Trend\" target=\"_blank\" rel=\"noopener\">E VAN\u00a0 2 TREND<\/a><\/td>\n<\/tr>\n<tr>\n<td width=\"213\"><a href=\"https:\/\/www.elnagh.com\/ES-es\/Catalogo\/Modello\/1405767\/E-Van-5-Trend\" target=\"_blank\" rel=\"noopener\">E VAN 5 TREND\u00a0<\/a><\/td>\n<\/tr>\n<tr>\n<td width=\"213\"><a href=\"https:\/\/www.elnagh.com\/ES-es\/Catalogo\/Modello\/1405814\/E-Van-6-Trend\" target=\"_blank\" rel=\"noopener\">E VAN 6 TREND\u00a0<\/a><\/td>\n<\/tr>\n<tr>\n<td width=\"213\"><a href=\"https:\/\/www.elnagh.com\/ES-es\/Catalogo\/Modello\/1405908\/E-Van-Duo-Xl-Trend\" target=\"_blank\" rel=\"noopener\">E VAN\u00a0 DUO XL TREND\u00a0<\/a><\/td>\n<\/tr>\n<tr>\n<td width=\"213\"><a href=\"https:\/\/www.elnagh.com\/ES-es\/Catalogo\/Modello\/1406002\/E-Van-2-Premium\" target=\"_blank\" rel=\"noopener\">E VAN\u00a0 2 PREMIUM\u00a0<\/a><\/td>\n<\/tr>\n<tr>\n<td width=\"213\"><a href=\"https:\/\/www.elnagh.com\/ES-es\/Catalogo\/Modello\/1406049\/E-Van-5-Premium\" target=\"_blank\" rel=\"noopener\">E VAN\u00a0 5 PREMIUM<\/a><\/td>\n<\/tr>\n<tr>\n<td width=\"213\"><a href=\"https:\/\/www.elnagh.com\/ES-es\/Catalogo\/Modello\/1406190\/E-Van-Duo-Xl-Premium\" target=\"_blank\" rel=\"noopener\">E VAN\u00a0 DUO XL PREMIUM\u00a0<\/a><\/td>\n<\/tr>\n<\/tbody>\n<\/table><\/div>\n<p>&nbsp;<\/p>\n","protected":false},"excerpt":{"rendered":"<p>Elnagh participar\u00e1 en la\u00a0edici\u00f3n del Sal\u00f3n Internacional del Caravaning que se celebrar\u00e1 en Barcelona, en el Recinto de Gran V\u00eda, del\u00a07 al\u00a015 de octubre. Estos son los n\u00fameros del Sal\u00f3n, uno de los principales eventos en el sur de Europa dedicado al mundo de los campistas y caravanas. Elnagh te espera en\u00a0el Stand B19\u00a0para descubrir, &hellip; <a href=\"https:\/\/www.elnagh.com\/es\/elnagh-al-salon-internacional-del-caravaning-3\/\">Continued<\/a><\/p>\n","protected":false},"author":1,"featured_media":2531,"comment_status":"open","ping_status":"open","sticky":false,"template":"","format":"standard","meta":{"_acf_changed":false,"inline_featured_image":false,"footnotes":""},"tags":[],"class_list":["post-1192","post","type-post","status-publish","format-standard","has-post-thumbnail","hentry"],"acf":[],"yoast_head":"<!-- This site is optimized with the Yoast SEO plugin v27.2 - https:\/\/yoast.com\/product\/yoast-seo-wordpress\/ -->\n<title>Elnagh al Sal\u00f3n Internacional del Caravaning - Elnagh<\/title>\n<meta name=\"robots\" content=\"index, follow, max-snippet:-1, max-image-preview:large, max-video-preview:-1\" \/>\n<link rel=\"canonical\" href=\"https:\/\/www.elnagh.com\/es\/elnagh-al-salon-internacional-del-caravaning-3\/\" \/>\n<meta property=\"og:locale\" content=\"es_ES\" \/>\n<meta property=\"og:type\" content=\"article\" \/>\n<meta property=\"og:title\" content=\"Elnagh al Sal\u00f3n Internacional del Caravaning - Elnagh\" \/>\n<meta property=\"og:description\" content=\"Elnagh participar\u00e1 en la\u00a0edici\u00f3n del Sal\u00f3n Internacional del Caravaning que se celebrar\u00e1 en Barcelona, en el Recinto de Gran V\u00eda, del\u00a07 al\u00a015 de octubre. Estos son los n\u00fameros del Sal\u00f3n, uno de los principales eventos en el sur de Europa dedicado al mundo de los campistas y caravanas. Elnagh te espera en\u00a0el Stand B19\u00a0para descubrir, &hellip; Continued\" \/>\n<meta property=\"og:url\" content=\"https:\/\/www.elnagh.com\/es\/elnagh-al-salon-internacional-del-caravaning-3\/\" \/>\n<meta property=\"og:site_name\" content=\"Elnagh\" \/>\n<meta property=\"article:published_time\" content=\"2025-02-03T13:23:32+00:00\" \/>\n<meta property=\"article:modified_time\" content=\"2025-03-13T08:27:43+00:00\" \/>\n<meta property=\"og:image\" content=\"https:\/\/www.elnagh.com\/wp-content\/uploads\/2025\/02\/MAGNUM-530-2-scaled.jpg\" \/>\n\t<meta property=\"og:image:width\" content=\"2560\" \/>\n\t<meta property=\"og:image:height\" content=\"1707\" \/>\n\t<meta property=\"og:image:type\" content=\"image\/jpeg\" \/>\n<meta name=\"author\" content=\"admin@25\" \/>\n<meta name=\"twitter:card\" content=\"summary_large_image\" \/>\n<meta name=\"twitter:label1\" content=\"Escrito por\" \/>\n\t<meta name=\"twitter:data1\" content=\"admin@25\" \/>\n\t<meta name=\"twitter:label2\" content=\"Tiempo de lectura\" \/>\n\t<meta name=\"twitter:data2\" content=\"2 minutos\" \/>\n<script type=\"application\/ld+json\" class=\"yoast-schema-graph\">{\"@context\":\"https:\/\/schema.org\",\"@graph\":[{\"@type\":\"Article\",\"@id\":\"https:\/\/www.elnagh.com\/es\/elnagh-al-salon-internacional-del-caravaning-3\/#article\",\"isPartOf\":{\"@id\":\"https:\/\/www.elnagh.com\/es\/elnagh-al-salon-internacional-del-caravaning-3\/\"},\"author\":{\"name\":\"admin@25\",\"@id\":\"https:\/\/www.elnagh.com\/es\/#\/schema\/person\/b2a474031e5f0821599e718e489370d4\"},\"headline\":\"Elnagh al Sal\u00f3n Internacional del Caravaning\",\"datePublished\":\"2025-02-03T13:23:32+00:00\",\"dateModified\":\"2025-03-13T08:27:43+00:00\",\"mainEntityOfPage\":{\"@id\":\"https:\/\/www.elnagh.com\/es\/elnagh-al-salon-internacional-del-caravaning-3\/\"},\"wordCount\":146,\"commentCount\":0,\"image\":{\"@id\":\"https:\/\/www.elnagh.com\/es\/elnagh-al-salon-internacional-del-caravaning-3\/#primaryimage\"},\"thumbnailUrl\":\"https:\/\/www.elnagh.com\/wp-content\/uploads\/2025\/02\/MAGNUM-530-2-scaled.jpg\",\"inLanguage\":\"es\",\"potentialAction\":[{\"@type\":\"CommentAction\",\"name\":\"Comment\",\"target\":[\"https:\/\/www.elnagh.com\/es\/elnagh-al-salon-internacional-del-caravaning-3\/#respond\"]}]},{\"@type\":\"WebPage\",\"@id\":\"https:\/\/www.elnagh.com\/es\/elnagh-al-salon-internacional-del-caravaning-3\/\",\"url\":\"https:\/\/www.elnagh.com\/es\/elnagh-al-salon-internacional-del-caravaning-3\/\",\"name\":\"Elnagh al Sal\u00f3n Internacional del Caravaning - Elnagh\",\"isPartOf\":{\"@id\":\"https:\/\/www.elnagh.com\/es\/#website\"},\"primaryImageOfPage\":{\"@id\":\"https:\/\/www.elnagh.com\/es\/elnagh-al-salon-internacional-del-caravaning-3\/#primaryimage\"},\"image\":{\"@id\":\"https:\/\/www.elnagh.com\/es\/elnagh-al-salon-internacional-del-caravaning-3\/#primaryimage\"},\"thumbnailUrl\":\"https:\/\/www.elnagh.com\/wp-content\/uploads\/2025\/02\/MAGNUM-530-2-scaled.jpg\",\"datePublished\":\"2025-02-03T13:23:32+00:00\",\"dateModified\":\"2025-03-13T08:27:43+00:00\",\"author\":{\"@id\":\"https:\/\/www.elnagh.com\/es\/#\/schema\/person\/b2a474031e5f0821599e718e489370d4\"},\"breadcrumb\":{\"@id\":\"https:\/\/www.elnagh.com\/es\/elnagh-al-salon-internacional-del-caravaning-3\/#breadcrumb\"},\"inLanguage\":\"es\",\"potentialAction\":[{\"@type\":\"ReadAction\",\"target\":[\"https:\/\/www.elnagh.com\/es\/elnagh-al-salon-internacional-del-caravaning-3\/\"]}]},{\"@type\":\"ImageObject\",\"inLanguage\":\"es\",\"@id\":\"https:\/\/www.elnagh.com\/es\/elnagh-al-salon-internacional-del-caravaning-3\/#primaryimage\",\"url\":\"https:\/\/www.elnagh.com\/wp-content\/uploads\/2025\/02\/MAGNUM-530-2-scaled.jpg\",\"contentUrl\":\"https:\/\/www.elnagh.com\/wp-content\/uploads\/2025\/02\/MAGNUM-530-2-scaled.jpg\",\"width\":2560,\"height\":1707},{\"@type\":\"BreadcrumbList\",\"@id\":\"https:\/\/www.elnagh.com\/es\/elnagh-al-salon-internacional-del-caravaning-3\/#breadcrumb\",\"itemListElement\":[{\"@type\":\"ListItem\",\"position\":1,\"name\":\"Home\",\"item\":\"https:\/\/www.elnagh.com\/es\/\"},{\"@type\":\"ListItem\",\"position\":2,\"name\":\"Elnagh al Sal\u00f3n Internacional del Caravaning\"}]},{\"@type\":\"WebSite\",\"@id\":\"https:\/\/www.elnagh.com\/es\/#website\",\"url\":\"https:\/\/www.elnagh.com\/es\/\",\"name\":\"Elnagh\",\"description\":\"\",\"potentialAction\":[{\"@type\":\"SearchAction\",\"target\":{\"@type\":\"EntryPoint\",\"urlTemplate\":\"https:\/\/www.elnagh.com\/es\/?s={search_term_string}\"},\"query-input\":{\"@type\":\"PropertyValueSpecification\",\"valueRequired\":true,\"valueName\":\"search_term_string\"}}],\"inLanguage\":\"es\"},{\"@type\":\"Person\",\"@id\":\"https:\/\/www.elnagh.com\/es\/#\/schema\/person\/b2a474031e5f0821599e718e489370d4\",\"name\":\"admin@25\",\"image\":{\"@type\":\"ImageObject\",\"inLanguage\":\"es\",\"@id\":\"https:\/\/secure.gravatar.com\/avatar\/1e13a134496ae45e94c3dd4aefc56faf03b6c1d0be57808396a2cb32a0e0e667?s=96&d=mm&r=g\",\"url\":\"https:\/\/secure.gravatar.com\/avatar\/1e13a134496ae45e94c3dd4aefc56faf03b6c1d0be57808396a2cb32a0e0e667?s=96&d=mm&r=g\",\"contentUrl\":\"https:\/\/secure.gravatar.com\/avatar\/1e13a134496ae45e94c3dd4aefc56faf03b6c1d0be57808396a2cb32a0e0e667?s=96&d=mm&r=g\",\"caption\":\"admin@25\"},\"sameAs\":[\"https:\/\/www.elnagh.com\"],\"url\":\"https:\/\/www.elnagh.com\/es\/author\/admin25\/\"}]}<\/script>\n<!-- \/ Yoast SEO plugin. -->","yoast_head_json":{"title":"Elnagh al Sal\u00f3n Internacional del Caravaning - Elnagh","robots":{"index":"index","follow":"follow","max-snippet":"max-snippet:-1","max-image-preview":"max-image-preview:large","max-video-preview":"max-video-preview:-1"},"canonical":"https:\/\/www.elnagh.com\/es\/elnagh-al-salon-internacional-del-caravaning-3\/","og_locale":"es_ES","og_type":"article","og_title":"Elnagh al Sal\u00f3n Internacional del Caravaning - Elnagh","og_description":"Elnagh participar\u00e1 en la\u00a0edici\u00f3n del Sal\u00f3n Internacional del Caravaning que se celebrar\u00e1 en Barcelona, en el Recinto de Gran V\u00eda, del\u00a07 al\u00a015 de octubre. Estos son los n\u00fameros del Sal\u00f3n, uno de los principales eventos en el sur de Europa dedicado al mundo de los campistas y caravanas. Elnagh te espera en\u00a0el Stand B19\u00a0para descubrir, &hellip; Continued","og_url":"https:\/\/www.elnagh.com\/es\/elnagh-al-salon-internacional-del-caravaning-3\/","og_site_name":"Elnagh","article_published_time":"2025-02-03T13:23:32+00:00","article_modified_time":"2025-03-13T08:27:43+00:00","og_image":[{"width":2560,"height":1707,"url":"https:\/\/www.elnagh.com\/wp-content\/uploads\/2025\/02\/MAGNUM-530-2-scaled.jpg","type":"image\/jpeg"}],"author":"admin@25","twitter_card":"summary_large_image","twitter_misc":{"Escrito por":"admin@25","Tiempo de lectura":"2 minutos"},"schema":{"@context":"https:\/\/schema.org","@graph":[{"@type":"Article","@id":"https:\/\/www.elnagh.com\/es\/elnagh-al-salon-internacional-del-caravaning-3\/#article","isPartOf":{"@id":"https:\/\/www.elnagh.com\/es\/elnagh-al-salon-internacional-del-caravaning-3\/"},"author":{"name":"admin@25","@id":"https:\/\/www.elnagh.com\/es\/#\/schema\/person\/b2a474031e5f0821599e718e489370d4"},"headline":"Elnagh al Sal\u00f3n Internacional del Caravaning","datePublished":"2025-02-03T13:23:32+00:00","dateModified":"2025-03-13T08:27:43+00:00","mainEntityOfPage":{"@id":"https:\/\/www.elnagh.com\/es\/elnagh-al-salon-internacional-del-caravaning-3\/"},"wordCount":146,"commentCount":0,"image":{"@id":"https:\/\/www.elnagh.com\/es\/elnagh-al-salon-internacional-del-caravaning-3\/#primaryimage"},"thumbnailUrl":"https:\/\/www.elnagh.com\/wp-content\/uploads\/2025\/02\/MAGNUM-530-2-scaled.jpg","inLanguage":"es","potentialAction":[{"@type":"CommentAction","name":"Comment","target":["https:\/\/www.elnagh.com\/es\/elnagh-al-salon-internacional-del-caravaning-3\/#respond"]}]},{"@type":"WebPage","@id":"https:\/\/www.elnagh.com\/es\/elnagh-al-salon-internacional-del-caravaning-3\/","url":"https:\/\/www.elnagh.com\/es\/elnagh-al-salon-internacional-del-caravaning-3\/","name":"Elnagh al Sal\u00f3n Internacional del Caravaning - Elnagh","isPartOf":{"@id":"https:\/\/www.elnagh.com\/es\/#website"},"primaryImageOfPage":{"@id":"https:\/\/www.elnagh.com\/es\/elnagh-al-salon-internacional-del-caravaning-3\/#primaryimage"},"image":{"@id":"https:\/\/www.elnagh.com\/es\/elnagh-al-salon-internacional-del-caravaning-3\/#primaryimage"},"thumbnailUrl":"https:\/\/www.elnagh.com\/wp-content\/uploads\/2025\/02\/MAGNUM-530-2-scaled.jpg","datePublished":"2025-02-03T13:23:32+00:00","dateModified":"2025-03-13T08:27:43+00:00","author":{"@id":"https:\/\/www.elnagh.com\/es\/#\/schema\/person\/b2a474031e5f0821599e718e489370d4"},"breadcrumb":{"@id":"https:\/\/www.elnagh.com\/es\/elnagh-al-salon-internacional-del-caravaning-3\/#breadcrumb"},"inLanguage":"es","potentialAction":[{"@type":"ReadAction","target":["https:\/\/www.elnagh.com\/es\/elnagh-al-salon-internacional-del-caravaning-3\/"]}]},{"@type":"ImageObject","inLanguage":"es","@id":"https:\/\/www.elnagh.com\/es\/elnagh-al-salon-internacional-del-caravaning-3\/#primaryimage","url":"https:\/\/www.elnagh.com\/wp-content\/uploads\/2025\/02\/MAGNUM-530-2-scaled.jpg","contentUrl":"https:\/\/www.elnagh.com\/wp-content\/uploads\/2025\/02\/MAGNUM-530-2-scaled.jpg","width":2560,"height":1707},{"@type":"BreadcrumbList","@id":"https:\/\/www.elnagh.com\/es\/elnagh-al-salon-internacional-del-caravaning-3\/#breadcrumb","itemListElement":[{"@type":"ListItem","position":1,"name":"Home","item":"https:\/\/www.elnagh.com\/es\/"},{"@type":"ListItem","position":2,"name":"Elnagh al Sal\u00f3n Internacional del Caravaning"}]},{"@type":"WebSite","@id":"https:\/\/www.elnagh.com\/es\/#website","url":"https:\/\/www.elnagh.com\/es\/","name":"Elnagh","description":"","potentialAction":[{"@type":"SearchAction","target":{"@type":"EntryPoint","urlTemplate":"https:\/\/www.elnagh.com\/es\/?s={search_term_string}"},"query-input":{"@type":"PropertyValueSpecification","valueRequired":true,"valueName":"search_term_string"}}],"inLanguage":"es"},{"@type":"Person","@id":"https:\/\/www.elnagh.com\/es\/#\/schema\/person\/b2a474031e5f0821599e718e489370d4","name":"admin@25","image":{"@type":"ImageObject","inLanguage":"es","@id":"https:\/\/secure.gravatar.com\/avatar\/1e13a134496ae45e94c3dd4aefc56faf03b6c1d0be57808396a2cb32a0e0e667?s=96&d=mm&r=g","url":"https:\/\/secure.gravatar.com\/avatar\/1e13a134496ae45e94c3dd4aefc56faf03b6c1d0be57808396a2cb32a0e0e667?s=96&d=mm&r=g","contentUrl":"https:\/\/secure.gravatar.com\/avatar\/1e13a134496ae45e94c3dd4aefc56faf03b6c1d0be57808396a2cb32a0e0e667?s=96&d=mm&r=g","caption":"admin@25"},"sameAs":["https:\/\/www.elnagh.com"],"url":"https:\/\/www.elnagh.com\/es\/author\/admin25\/"}]}},"_links":{"self":[{"href":"https:\/\/www.elnagh.com\/es\/wp-json\/wp\/v2\/posts\/1192","targetHints":{"allow":["GET"]}}],"collection":[{"href":"https:\/\/www.elnagh.com\/es\/wp-json\/wp\/v2\/posts"}],"about":[{"href":"https:\/\/www.elnagh.com\/es\/wp-json\/wp\/v2\/types\/post"}],"author":[{"embeddable":true,"href":"https:\/\/www.elnagh.com\/es\/wp-json\/wp\/v2\/users\/1"}],"replies":[{"embeddable":true,"href":"https:\/\/www.elnagh.com\/es\/wp-json\/wp\/v2\/comments?post=1192"}],"version-history":[{"count":1,"href":"https:\/\/www.elnagh.com\/es\/wp-json\/wp\/v2\/posts\/1192\/revisions"}],"predecessor-version":[{"id":3122,"href":"https:\/\/www.elnagh.com\/es\/wp-json\/wp\/v2\/posts\/1192\/revisions\/3122"}],"wp:featuredmedia":[{"embeddable":true,"href":"https:\/\/www.elnagh.com\/es\/wp-json\/wp\/v2\/media\/2531"}],"wp:attachment":[{"href":"https:\/\/www.elnagh.com\/es\/wp-json\/wp\/v2\/media?parent=1192"}],"wp:term":[{"taxonomy":"post_tag","embeddable":true,"href":"https:\/\/www.elnagh.com\/es\/wp-json\/wp\/v2\/tags?post=1192"}],"curies":[{"name":"wp","href":"https:\/\/api.w.org\/{rel}","templated":true}]}}