{"id":1191,"date":"2023-03-03T00:00:00","date_gmt":"2023-03-02T23:00:00","guid":{"rendered":"https:\/\/www.elnagh.com\/vacaciones-en-autocaravana-para-toda-la-familia\/"},"modified":"2025-03-13T09:36:06","modified_gmt":"2025-03-13T08:36:06","slug":"vacaciones-en-autocaravana-para-toda-la-familia","status":"publish","type":"post","link":"https:\/\/www.elnagh.com\/es\/vacaciones-en-autocaravana-para-toda-la-familia\/","title":{"rendered":"Vacaciones en autocaravana para toda la familia"},"content":{"rendered":"<h5>Viajar en camper con ni\u00f1os puede ser una experiencia fant\u00e1stica para toda la familia y una forma de crear emociones y recuerdos inolvidables. La aventura empieza durante el viaje, toda la tripulaci\u00f3n est\u00e1 capacitada y a cada uno se le asigna una tarea.<\/h5>\n<h5>Aqu\u00ed tienes algunos consejos para que tu viaje en autocaravana sea lo m\u00e1s agradable posible.<\/h5>\n<h3>\nPlanifique su itinerario de viaje en autocaravana<\/h3>\n<p>El primer consejo es planificar con antelaci\u00f3n la ruta y las paradas a realizar durante el viaje. Considere lugares que sean m\u00e1s adecuados para los ni\u00f1os, como parques infantiles, museos, parques naturales y playas.<\/p>\n<p>No importa ser demasiado quisquilloso con la ruta, porque la caravana te permitir\u00e1 cambiar de ubicaci\u00f3n y destino una vez llegues. Tendr\u00e1s que adaptarte a los cambios de horario o a las necesidades de los ni\u00f1os, para que todos puedan disfrutar al m\u00e1ximo del viaje.<\/p>\n<p>Por lo tanto, la planificaci\u00f3n te ayudar\u00e1 a tener una primera idea de las vacaciones y tal vez reservar algunas \u00e1reas de descanso.<\/p>\n<p>Durante el trayecto, t\u00f3mate todo el tiempo que necesites: durante el itinerario intenta planificar paradas frecuentes para que los ni\u00f1os puedan moverse y jugar. No es necesario que corras para ir al ba\u00f1o o buscar un restaurante, tendr\u00e1s todo a tu disposici\u00f3n.<\/p>\n<h3><strong>Involucrar a los ni\u00f1os en la planificaci\u00f3n de viajes<\/strong><\/h3>\n<p>Pida a los ni\u00f1os que participen en la elecci\u00f3n de paradas y actividades a realizar durante el viaje. Esto har\u00e1 que se entusiasmen y se sientan comprometidos.<\/p>\n<p>Lleva juegos y actividades contigo en la caravana: un d\u00eda lluvioso puede pasar, entonces, \u00bfc\u00f3mo puedes mantener a los ni\u00f1os entretenidos?<\/p>\n<p>Para no tener que recurrir siempre a la TV o a la Playstation, no pueden faltar libros o c\u00f3mics, para leer con total comodidad en los sof\u00e1s del comedor o en la zona de la cama. Alternativamente, los juegos de mesa y las cartas son excelentes opciones para involucrar a j\u00f3venes y mayores en una experiencia de juego divertida y atractiva.<\/p>\n<p>&nbsp;<\/p>\n<h3><strong>En la autocaravana con los m\u00e1s peque\u00f1os<\/strong><\/h3>\n<p>Si tienes un ni\u00f1o o una ni\u00f1a muy peque\u00f1o, dentro de la autocaravana podr\u00e1s realizar c\u00f3modamente operaciones como cambiar el pa\u00f1al, calentar la papilla o el biber\u00f3n. Tambi\u00e9n puede considerar instalar una cuna de viaje en el veh\u00edculo en lugar de la mesa del comedor.<\/p>\n<p>Seg\u00fan la edad, tambi\u00e9n puede comer en la cabecera de la mesa en el comedor con los adultos: para ello, hay asientos de mesa en el mercado que se bloquean firmemente en la parte superior. No hay nada que temer: las vacaciones en autocaravana tambi\u00e9n representan seguridad para ellos.<\/p>\n<p>&nbsp;<\/p>\n<div class=\"row\" data-column=\"12\">\n<div class=\"col-sm-12 mt-4\">\n<div class=\"row\">\n<div class=\"col-12 col-lg-6\">\n<div class=\"row\">\n<div class=\"col-12 my-3\">\n<div class=\"pt-3\">\n<h3><strong>La autocaravana es una fiesta Pet Friendly<\/strong><\/h3>\n<p>Cuando decimos que es una fiesta para toda la familia, nadie queda excluido, ni siquiera nuestros amigos de 4 patas. Perros y gatos no sufrir\u00e1n soledad y no ser\u00e1 necesario buscar estructuras que los acojan. Dentro de la caravana se recomienda crear un \u00e1rea dedicada que sea adecuada y que cumpla con las disposiciones del c\u00f3digo de circulaci\u00f3n.<\/p>\n<p>Los animales no deben estar libres en el habit\u00e1culo, sino colocados en un c\u00f3modo malet\u00edn de transporte. Esto evita que resbalen y se lesionen despu\u00e9s de un frenazo brusco.<\/p>\n<\/div>\n<\/div>\n<\/div>\n<\/div>\n<\/div>\n<\/div>\n<\/div>\n<div class=\"row\" data-column=\"12\">\n<div class=\"col-sm-12 mt-4\">\n<div class=\"row\">\n<div class=\"col-12 col-lg-12\">\n<div class=\"row\">\n<div class=\"col-12 my-3\">\n<div class=\"pt-3\">\n<h3><strong>Disfruta del viaje en autocaravana<\/strong><\/h3>\n<p>Solo tienes que elegir el entorno que te har\u00e1 sentir como en casa y disfrutar del viaje, intentando crear recuerdos inolvidables para toda la familia.<\/p>\n<\/div>\n<\/div>\n<\/div>\n<\/div>\n<\/div>\n<\/div>\n<\/div>\n","protected":false},"excerpt":{"rendered":"<p>Viajar en camper con ni\u00f1os puede ser una experiencia fant\u00e1stica para toda la familia y una forma de crear emociones y recuerdos inolvidables. La aventura empieza durante el viaje, toda la tripulaci\u00f3n est\u00e1 capacitada y a cada uno se le asigna una tarea. Aqu\u00ed tienes algunos consejos para que tu viaje en autocaravana sea lo &hellip; <a href=\"https:\/\/www.elnagh.com\/es\/vacaciones-en-autocaravana-para-toda-la-familia\/\">Continued<\/a><\/p>\n","protected":false},"author":1,"featured_media":2534,"comment_status":"open","ping_status":"open","sticky":false,"template":"","format":"standard","meta":{"_acf_changed":false,"inline_featured_image":false,"footnotes":""},"tags":[],"class_list":["post-1191","post","type-post","status-publish","format-standard","has-post-thumbnail","hentry"],"acf":[],"yoast_head":"<!-- This site is optimized with the Yoast SEO plugin v27.2 - https:\/\/yoast.com\/product\/yoast-seo-wordpress\/ -->\n<title>Vacaciones en autocaravana para toda la familia - Elnagh<\/title>\n<meta name=\"robots\" content=\"index, follow, max-snippet:-1, max-image-preview:large, max-video-preview:-1\" \/>\n<link rel=\"canonical\" href=\"https:\/\/www.elnagh.com\/es\/vacaciones-en-autocaravana-para-toda-la-familia\/\" \/>\n<meta property=\"og:locale\" content=\"es_ES\" \/>\n<meta property=\"og:type\" content=\"article\" \/>\n<meta property=\"og:title\" content=\"Vacaciones en autocaravana para toda la familia - Elnagh\" \/>\n<meta property=\"og:description\" content=\"Viajar en camper con ni\u00f1os puede ser una experiencia fant\u00e1stica para toda la familia y una forma de crear emociones y recuerdos inolvidables. La aventura empieza durante el viaje, toda la tripulaci\u00f3n est\u00e1 capacitada y a cada uno se le asigna una tarea. Aqu\u00ed tienes algunos consejos para que tu viaje en autocaravana sea lo &hellip; Continued\" \/>\n<meta property=\"og:url\" content=\"https:\/\/www.elnagh.com\/es\/vacaciones-en-autocaravana-para-toda-la-familia\/\" \/>\n<meta property=\"og:site_name\" content=\"Elnagh\" \/>\n<meta property=\"article:published_time\" content=\"2023-03-02T23:00:00+00:00\" \/>\n<meta property=\"article:modified_time\" content=\"2025-03-13T08:36:06+00:00\" \/>\n<meta property=\"og:image\" content=\"https:\/\/www.elnagh.com\/wp-content\/uploads\/2025\/02\/ELN-E-VAN-amb-63.jpg\" \/>\n\t<meta property=\"og:image:width\" content=\"1280\" \/>\n\t<meta property=\"og:image:height\" content=\"853\" \/>\n\t<meta property=\"og:image:type\" content=\"image\/jpeg\" \/>\n<meta name=\"author\" content=\"admin@25\" \/>\n<meta name=\"twitter:card\" content=\"summary_large_image\" \/>\n<meta name=\"twitter:label1\" content=\"Escrito por\" \/>\n\t<meta name=\"twitter:data1\" content=\"admin@25\" \/>\n\t<meta name=\"twitter:label2\" content=\"Tiempo de lectura\" \/>\n\t<meta name=\"twitter:data2\" content=\"4 minutos\" \/>\n<script type=\"application\/ld+json\" class=\"yoast-schema-graph\">{\"@context\":\"https:\/\/schema.org\",\"@graph\":[{\"@type\":\"Article\",\"@id\":\"https:\/\/www.elnagh.com\/es\/vacaciones-en-autocaravana-para-toda-la-familia\/#article\",\"isPartOf\":{\"@id\":\"https:\/\/www.elnagh.com\/es\/vacaciones-en-autocaravana-para-toda-la-familia\/\"},\"author\":{\"name\":\"admin@25\",\"@id\":\"https:\/\/www.elnagh.com\/es\/#\/schema\/person\/b2a474031e5f0821599e718e489370d4\"},\"headline\":\"Vacaciones en autocaravana para toda la familia\",\"datePublished\":\"2023-03-02T23:00:00+00:00\",\"dateModified\":\"2025-03-13T08:36:06+00:00\",\"mainEntityOfPage\":{\"@id\":\"https:\/\/www.elnagh.com\/es\/vacaciones-en-autocaravana-para-toda-la-familia\/\"},\"wordCount\":608,\"commentCount\":0,\"image\":{\"@id\":\"https:\/\/www.elnagh.com\/es\/vacaciones-en-autocaravana-para-toda-la-familia\/#primaryimage\"},\"thumbnailUrl\":\"https:\/\/www.elnagh.com\/wp-content\/uploads\/2025\/02\/ELN-E-VAN-amb-63.jpg\",\"inLanguage\":\"es\",\"potentialAction\":[{\"@type\":\"CommentAction\",\"name\":\"Comment\",\"target\":[\"https:\/\/www.elnagh.com\/es\/vacaciones-en-autocaravana-para-toda-la-familia\/#respond\"]}]},{\"@type\":\"WebPage\",\"@id\":\"https:\/\/www.elnagh.com\/es\/vacaciones-en-autocaravana-para-toda-la-familia\/\",\"url\":\"https:\/\/www.elnagh.com\/es\/vacaciones-en-autocaravana-para-toda-la-familia\/\",\"name\":\"Vacaciones en autocaravana para toda la familia - Elnagh\",\"isPartOf\":{\"@id\":\"https:\/\/www.elnagh.com\/es\/#website\"},\"primaryImageOfPage\":{\"@id\":\"https:\/\/www.elnagh.com\/es\/vacaciones-en-autocaravana-para-toda-la-familia\/#primaryimage\"},\"image\":{\"@id\":\"https:\/\/www.elnagh.com\/es\/vacaciones-en-autocaravana-para-toda-la-familia\/#primaryimage\"},\"thumbnailUrl\":\"https:\/\/www.elnagh.com\/wp-content\/uploads\/2025\/02\/ELN-E-VAN-amb-63.jpg\",\"datePublished\":\"2023-03-02T23:00:00+00:00\",\"dateModified\":\"2025-03-13T08:36:06+00:00\",\"author\":{\"@id\":\"https:\/\/www.elnagh.com\/es\/#\/schema\/person\/b2a474031e5f0821599e718e489370d4\"},\"breadcrumb\":{\"@id\":\"https:\/\/www.elnagh.com\/es\/vacaciones-en-autocaravana-para-toda-la-familia\/#breadcrumb\"},\"inLanguage\":\"es\",\"potentialAction\":[{\"@type\":\"ReadAction\",\"target\":[\"https:\/\/www.elnagh.com\/es\/vacaciones-en-autocaravana-para-toda-la-familia\/\"]}]},{\"@type\":\"ImageObject\",\"inLanguage\":\"es\",\"@id\":\"https:\/\/www.elnagh.com\/es\/vacaciones-en-autocaravana-para-toda-la-familia\/#primaryimage\",\"url\":\"https:\/\/www.elnagh.com\/wp-content\/uploads\/2025\/02\/ELN-E-VAN-amb-63.jpg\",\"contentUrl\":\"https:\/\/www.elnagh.com\/wp-content\/uploads\/2025\/02\/ELN-E-VAN-amb-63.jpg\",\"width\":1280,\"height\":853},{\"@type\":\"BreadcrumbList\",\"@id\":\"https:\/\/www.elnagh.com\/es\/vacaciones-en-autocaravana-para-toda-la-familia\/#breadcrumb\",\"itemListElement\":[{\"@type\":\"ListItem\",\"position\":1,\"name\":\"Home\",\"item\":\"https:\/\/www.elnagh.com\/es\/\"},{\"@type\":\"ListItem\",\"position\":2,\"name\":\"Vacaciones en autocaravana para toda la familia\"}]},{\"@type\":\"WebSite\",\"@id\":\"https:\/\/www.elnagh.com\/es\/#website\",\"url\":\"https:\/\/www.elnagh.com\/es\/\",\"name\":\"Elnagh\",\"description\":\"\",\"potentialAction\":[{\"@type\":\"SearchAction\",\"target\":{\"@type\":\"EntryPoint\",\"urlTemplate\":\"https:\/\/www.elnagh.com\/es\/?s={search_term_string}\"},\"query-input\":{\"@type\":\"PropertyValueSpecification\",\"valueRequired\":true,\"valueName\":\"search_term_string\"}}],\"inLanguage\":\"es\"},{\"@type\":\"Person\",\"@id\":\"https:\/\/www.elnagh.com\/es\/#\/schema\/person\/b2a474031e5f0821599e718e489370d4\",\"name\":\"admin@25\",\"image\":{\"@type\":\"ImageObject\",\"inLanguage\":\"es\",\"@id\":\"https:\/\/secure.gravatar.com\/avatar\/1e13a134496ae45e94c3dd4aefc56faf03b6c1d0be57808396a2cb32a0e0e667?s=96&d=mm&r=g\",\"url\":\"https:\/\/secure.gravatar.com\/avatar\/1e13a134496ae45e94c3dd4aefc56faf03b6c1d0be57808396a2cb32a0e0e667?s=96&d=mm&r=g\",\"contentUrl\":\"https:\/\/secure.gravatar.com\/avatar\/1e13a134496ae45e94c3dd4aefc56faf03b6c1d0be57808396a2cb32a0e0e667?s=96&d=mm&r=g\",\"caption\":\"admin@25\"},\"sameAs\":[\"https:\/\/www.elnagh.com\"],\"url\":\"https:\/\/www.elnagh.com\/es\/author\/admin25\/\"}]}<\/script>\n<!-- \/ Yoast SEO plugin. -->","yoast_head_json":{"title":"Vacaciones en autocaravana para toda la familia - Elnagh","robots":{"index":"index","follow":"follow","max-snippet":"max-snippet:-1","max-image-preview":"max-image-preview:large","max-video-preview":"max-video-preview:-1"},"canonical":"https:\/\/www.elnagh.com\/es\/vacaciones-en-autocaravana-para-toda-la-familia\/","og_locale":"es_ES","og_type":"article","og_title":"Vacaciones en autocaravana para toda la familia - Elnagh","og_description":"Viajar en camper con ni\u00f1os puede ser una experiencia fant\u00e1stica para toda la familia y una forma de crear emociones y recuerdos inolvidables. La aventura empieza durante el viaje, toda la tripulaci\u00f3n est\u00e1 capacitada y a cada uno se le asigna una tarea. Aqu\u00ed tienes algunos consejos para que tu viaje en autocaravana sea lo &hellip; Continued","og_url":"https:\/\/www.elnagh.com\/es\/vacaciones-en-autocaravana-para-toda-la-familia\/","og_site_name":"Elnagh","article_published_time":"2023-03-02T23:00:00+00:00","article_modified_time":"2025-03-13T08:36:06+00:00","og_image":[{"width":1280,"height":853,"url":"https:\/\/www.elnagh.com\/wp-content\/uploads\/2025\/02\/ELN-E-VAN-amb-63.jpg","type":"image\/jpeg"}],"author":"admin@25","twitter_card":"summary_large_image","twitter_misc":{"Escrito por":"admin@25","Tiempo de lectura":"4 minutos"},"schema":{"@context":"https:\/\/schema.org","@graph":[{"@type":"Article","@id":"https:\/\/www.elnagh.com\/es\/vacaciones-en-autocaravana-para-toda-la-familia\/#article","isPartOf":{"@id":"https:\/\/www.elnagh.com\/es\/vacaciones-en-autocaravana-para-toda-la-familia\/"},"author":{"name":"admin@25","@id":"https:\/\/www.elnagh.com\/es\/#\/schema\/person\/b2a474031e5f0821599e718e489370d4"},"headline":"Vacaciones en autocaravana para toda la familia","datePublished":"2023-03-02T23:00:00+00:00","dateModified":"2025-03-13T08:36:06+00:00","mainEntityOfPage":{"@id":"https:\/\/www.elnagh.com\/es\/vacaciones-en-autocaravana-para-toda-la-familia\/"},"wordCount":608,"commentCount":0,"image":{"@id":"https:\/\/www.elnagh.com\/es\/vacaciones-en-autocaravana-para-toda-la-familia\/#primaryimage"},"thumbnailUrl":"https:\/\/www.elnagh.com\/wp-content\/uploads\/2025\/02\/ELN-E-VAN-amb-63.jpg","inLanguage":"es","potentialAction":[{"@type":"CommentAction","name":"Comment","target":["https:\/\/www.elnagh.com\/es\/vacaciones-en-autocaravana-para-toda-la-familia\/#respond"]}]},{"@type":"WebPage","@id":"https:\/\/www.elnagh.com\/es\/vacaciones-en-autocaravana-para-toda-la-familia\/","url":"https:\/\/www.elnagh.com\/es\/vacaciones-en-autocaravana-para-toda-la-familia\/","name":"Vacaciones en autocaravana para toda la familia - Elnagh","isPartOf":{"@id":"https:\/\/www.elnagh.com\/es\/#website"},"primaryImageOfPage":{"@id":"https:\/\/www.elnagh.com\/es\/vacaciones-en-autocaravana-para-toda-la-familia\/#primaryimage"},"image":{"@id":"https:\/\/www.elnagh.com\/es\/vacaciones-en-autocaravana-para-toda-la-familia\/#primaryimage"},"thumbnailUrl":"https:\/\/www.elnagh.com\/wp-content\/uploads\/2025\/02\/ELN-E-VAN-amb-63.jpg","datePublished":"2023-03-02T23:00:00+00:00","dateModified":"2025-03-13T08:36:06+00:00","author":{"@id":"https:\/\/www.elnagh.com\/es\/#\/schema\/person\/b2a474031e5f0821599e718e489370d4"},"breadcrumb":{"@id":"https:\/\/www.elnagh.com\/es\/vacaciones-en-autocaravana-para-toda-la-familia\/#breadcrumb"},"inLanguage":"es","potentialAction":[{"@type":"ReadAction","target":["https:\/\/www.elnagh.com\/es\/vacaciones-en-autocaravana-para-toda-la-familia\/"]}]},{"@type":"ImageObject","inLanguage":"es","@id":"https:\/\/www.elnagh.com\/es\/vacaciones-en-autocaravana-para-toda-la-familia\/#primaryimage","url":"https:\/\/www.elnagh.com\/wp-content\/uploads\/2025\/02\/ELN-E-VAN-amb-63.jpg","contentUrl":"https:\/\/www.elnagh.com\/wp-content\/uploads\/2025\/02\/ELN-E-VAN-amb-63.jpg","width":1280,"height":853},{"@type":"BreadcrumbList","@id":"https:\/\/www.elnagh.com\/es\/vacaciones-en-autocaravana-para-toda-la-familia\/#breadcrumb","itemListElement":[{"@type":"ListItem","position":1,"name":"Home","item":"https:\/\/www.elnagh.com\/es\/"},{"@type":"ListItem","position":2,"name":"Vacaciones en autocaravana para toda la familia"}]},{"@type":"WebSite","@id":"https:\/\/www.elnagh.com\/es\/#website","url":"https:\/\/www.elnagh.com\/es\/","name":"Elnagh","description":"","potentialAction":[{"@type":"SearchAction","target":{"@type":"EntryPoint","urlTemplate":"https:\/\/www.elnagh.com\/es\/?s={search_term_string}"},"query-input":{"@type":"PropertyValueSpecification","valueRequired":true,"valueName":"search_term_string"}}],"inLanguage":"es"},{"@type":"Person","@id":"https:\/\/www.elnagh.com\/es\/#\/schema\/person\/b2a474031e5f0821599e718e489370d4","name":"admin@25","image":{"@type":"ImageObject","inLanguage":"es","@id":"https:\/\/secure.gravatar.com\/avatar\/1e13a134496ae45e94c3dd4aefc56faf03b6c1d0be57808396a2cb32a0e0e667?s=96&d=mm&r=g","url":"https:\/\/secure.gravatar.com\/avatar\/1e13a134496ae45e94c3dd4aefc56faf03b6c1d0be57808396a2cb32a0e0e667?s=96&d=mm&r=g","contentUrl":"https:\/\/secure.gravatar.com\/avatar\/1e13a134496ae45e94c3dd4aefc56faf03b6c1d0be57808396a2cb32a0e0e667?s=96&d=mm&r=g","caption":"admin@25"},"sameAs":["https:\/\/www.elnagh.com"],"url":"https:\/\/www.elnagh.com\/es\/author\/admin25\/"}]}},"_links":{"self":[{"href":"https:\/\/www.elnagh.com\/es\/wp-json\/wp\/v2\/posts\/1191","targetHints":{"allow":["GET"]}}],"collection":[{"href":"https:\/\/www.elnagh.com\/es\/wp-json\/wp\/v2\/posts"}],"about":[{"href":"https:\/\/www.elnagh.com\/es\/wp-json\/wp\/v2\/types\/post"}],"author":[{"embeddable":true,"href":"https:\/\/www.elnagh.com\/es\/wp-json\/wp\/v2\/users\/1"}],"replies":[{"embeddable":true,"href":"https:\/\/www.elnagh.com\/es\/wp-json\/wp\/v2\/comments?post=1191"}],"version-history":[{"count":2,"href":"https:\/\/www.elnagh.com\/es\/wp-json\/wp\/v2\/posts\/1191\/revisions"}],"predecessor-version":[{"id":3130,"href":"https:\/\/www.elnagh.com\/es\/wp-json\/wp\/v2\/posts\/1191\/revisions\/3130"}],"wp:featuredmedia":[{"embeddable":true,"href":"https:\/\/www.elnagh.com\/es\/wp-json\/wp\/v2\/media\/2534"}],"wp:attachment":[{"href":"https:\/\/www.elnagh.com\/es\/wp-json\/wp\/v2\/media?parent=1191"}],"wp:term":[{"taxonomy":"post_tag","embeddable":true,"href":"https:\/\/www.elnagh.com\/es\/wp-json\/wp\/v2\/tags?post=1191"}],"curies":[{"name":"wp","href":"https:\/\/api.w.org\/{rel}","templated":true}]}}