{"id":1184,"date":"2025-02-03T14:13:46","date_gmt":"2025-02-03T13:13:46","guid":{"rendered":"https:\/\/www.elnagh.com\/la-autocaravana-en-invierno-5-razones-para-elegir-la-calefaccion-de-gasoleo\/"},"modified":"2025-03-13T09:33:04","modified_gmt":"2025-03-13T08:33:04","slug":"la-autocaravana-en-invierno-5-razones-para-elegir-la-calefaccion-de-gasoleo","status":"publish","type":"post","link":"https:\/\/www.elnagh.com\/es\/la-autocaravana-en-invierno-5-razones-para-elegir-la-calefaccion-de-gasoleo\/","title":{"rendered":"La autocaravana en invierno: 5 razones para elegir la calefacci\u00f3n de gas\u00f3leo"},"content":{"rendered":"<p><strong><em>Veamos juntos c\u00f3mo funciona y cu\u00e1les son las principales ventajas de la calefacci\u00f3n con gas\u00f3leo en comparaci\u00f3n con la tradicional calefacci\u00f3n con gas.<\/em><\/strong><\/p>\n<p>&nbsp;<\/p>\n<p>Entre los\u00a0<strong>sistemas de calefacci\u00f3n para la autocaravana<\/strong>, el de gas\u00f3leo se est\u00e1 extendiendo cada vez m\u00e1s gracias a las innegables ventajas que ofrece.<br \/>\n<strong>Elnagh<\/strong>, atento int\u00e9rprete de las tendencias y de las innovaciones tecnol\u00f3gicas del sector, monta el sistema de\u00a0<strong>calefacci\u00f3n Diesel Truma Combi<\/strong>\u00a0en los campistas semintegralos T-Loft y campistas integrales Magnum.<br \/>\nDescubrimos c\u00f3mo funciona este tipo de calefacci\u00f3n y cu\u00e1les son los principales beneficios, junto con algunas peque\u00f1as medidas que pueden ayudarnos a vivir con serenidad las vacaciones de invierno en los campistas.<\/p>\n<p>&nbsp;<\/p>\n<h2><strong>\u00bfC\u00f3mo funciona el sistema de calefacci\u00f3n de gas\u00f3leo para la autocaravana?<\/strong><\/h2>\n<p>El\u00a0<strong>sistema de calefacci\u00f3n de gas\u00f3leo para la autocaravana<\/strong>\u00a0es alimentado por el combustible del veh\u00edculo que se extrae directamente del tanque a trav\u00e9s de una bomba de dosificaci\u00f3n de membrana. A trav\u00e9s de un ventilador el\u00e9ctrico, el aire caliente se introduce en el interior de la autocaravana a trav\u00e9s de una instalaci\u00f3n de tuber\u00edas y rejillas.<br \/>\nEl sistema se monta en el interior de la c\u00e9lula, as\u00ed como la\u00a0<strong>unidad de control<\/strong>\u00a0que permite regular la intensidad del calor y programar el encendido de la calefacci\u00f3n mediante la configuraci\u00f3n del termostato de mando.<br \/>\nCon este tipo de calefacci\u00f3n, las botellas de gas GLP se utilizan exclusivamente para la nevera y la cocina.<\/p>\n<p>Una curiosidad: los sistemas de calefacci\u00f3n a gas\u00f3leo nacen en realidad en el sector automovil\u00edstico para evitar la refrigeraci\u00f3n de los motores de los veh\u00edculos en las zonas m\u00e1s fr\u00edas del planeta. De aqu\u00ed han surgido los sistemas actuales dedicados al caravaning de los que hablaremos en este art\u00edculo.<\/p>\n<p><em>En la imagen debajo de un ejemplo de disposici\u00f3n y orientaci\u00f3n de las rejillas de calefacci\u00f3n en el modelo de campista semintegral Elnagh T-Loft 450, que monta de serie el Combi 4 Diesel.<\/em><\/p>\n<p><strong><em>\u00a0<\/em><\/strong><\/p>\n","protected":false},"excerpt":{"rendered":"<p>Veamos juntos c\u00f3mo funciona y cu\u00e1les son las principales ventajas de la calefacci\u00f3n con gas\u00f3leo en comparaci\u00f3n con la tradicional calefacci\u00f3n con gas. &nbsp; Entre los\u00a0sistemas de calefacci\u00f3n para la autocaravana, el de gas\u00f3leo se est\u00e1 extendiendo cada vez m\u00e1s gracias a las innegables ventajas que ofrece. Elnagh, atento int\u00e9rprete de las tendencias y de &hellip; <a href=\"https:\/\/www.elnagh.com\/es\/la-autocaravana-en-invierno-5-razones-para-elegir-la-calefaccion-de-gasoleo\/\">Continued<\/a><\/p>\n","protected":false},"author":1,"featured_media":1568,"comment_status":"open","ping_status":"open","sticky":false,"template":"","format":"standard","meta":{"_acf_changed":false,"inline_featured_image":false,"footnotes":""},"tags":[],"class_list":["post-1184","post","type-post","status-publish","format-standard","has-post-thumbnail","hentry"],"acf":[],"yoast_head":"<!-- This site is optimized with the Yoast SEO plugin v27.2 - https:\/\/yoast.com\/product\/yoast-seo-wordpress\/ -->\n<title>La autocaravana en invierno: 5 razones para elegir la calefacci\u00f3n de gas\u00f3leo - Elnagh<\/title>\n<meta name=\"robots\" content=\"index, follow, max-snippet:-1, max-image-preview:large, max-video-preview:-1\" \/>\n<link rel=\"canonical\" href=\"https:\/\/www.elnagh.com\/es\/la-autocaravana-en-invierno-5-razones-para-elegir-la-calefaccion-de-gasoleo\/\" \/>\n<meta property=\"og:locale\" content=\"es_ES\" \/>\n<meta property=\"og:type\" content=\"article\" \/>\n<meta property=\"og:title\" content=\"La autocaravana en invierno: 5 razones para elegir la calefacci\u00f3n de gas\u00f3leo - Elnagh\" \/>\n<meta property=\"og:description\" content=\"Veamos juntos c\u00f3mo funciona y cu\u00e1les son las principales ventajas de la calefacci\u00f3n con gas\u00f3leo en comparaci\u00f3n con la tradicional calefacci\u00f3n con gas. &nbsp; Entre los\u00a0sistemas de calefacci\u00f3n para la autocaravana, el de gas\u00f3leo se est\u00e1 extendiendo cada vez m\u00e1s gracias a las innegables ventajas que ofrece. Elnagh, atento int\u00e9rprete de las tendencias y de &hellip; Continued\" \/>\n<meta property=\"og:url\" content=\"https:\/\/www.elnagh.com\/es\/la-autocaravana-en-invierno-5-razones-para-elegir-la-calefaccion-de-gasoleo\/\" \/>\n<meta property=\"og:site_name\" content=\"Elnagh\" \/>\n<meta property=\"article:published_time\" content=\"2025-02-03T13:13:46+00:00\" \/>\n<meta property=\"article:modified_time\" content=\"2025-03-13T08:33:04+00:00\" \/>\n<meta property=\"og:image\" content=\"https:\/\/www.elnagh.com\/wp-content\/uploads\/2025\/02\/ELNAGH-ABETONE-67.jpg\" \/>\n\t<meta property=\"og:image:width\" content=\"1480\" \/>\n\t<meta property=\"og:image:height\" content=\"987\" \/>\n\t<meta property=\"og:image:type\" content=\"image\/jpeg\" \/>\n<meta name=\"author\" content=\"admin@25\" \/>\n<meta name=\"twitter:card\" content=\"summary_large_image\" \/>\n<meta name=\"twitter:label1\" content=\"Escrito por\" \/>\n\t<meta name=\"twitter:data1\" content=\"admin@25\" \/>\n\t<meta name=\"twitter:label2\" content=\"Tiempo de lectura\" \/>\n\t<meta name=\"twitter:data2\" content=\"2 minutos\" \/>\n<script type=\"application\/ld+json\" class=\"yoast-schema-graph\">{\"@context\":\"https:\/\/schema.org\",\"@graph\":[{\"@type\":\"Article\",\"@id\":\"https:\/\/www.elnagh.com\/es\/la-autocaravana-en-invierno-5-razones-para-elegir-la-calefaccion-de-gasoleo\/#article\",\"isPartOf\":{\"@id\":\"https:\/\/www.elnagh.com\/es\/la-autocaravana-en-invierno-5-razones-para-elegir-la-calefaccion-de-gasoleo\/\"},\"author\":{\"name\":\"admin@25\",\"@id\":\"https:\/\/www.elnagh.com\/es\/#\/schema\/person\/b2a474031e5f0821599e718e489370d4\"},\"headline\":\"La autocaravana en invierno: 5 razones para elegir la calefacci\u00f3n de gas\u00f3leo\",\"datePublished\":\"2025-02-03T13:13:46+00:00\",\"dateModified\":\"2025-03-13T08:33:04+00:00\",\"mainEntityOfPage\":{\"@id\":\"https:\/\/www.elnagh.com\/es\/la-autocaravana-en-invierno-5-razones-para-elegir-la-calefaccion-de-gasoleo\/\"},\"wordCount\":372,\"commentCount\":0,\"image\":{\"@id\":\"https:\/\/www.elnagh.com\/es\/la-autocaravana-en-invierno-5-razones-para-elegir-la-calefaccion-de-gasoleo\/#primaryimage\"},\"thumbnailUrl\":\"https:\/\/www.elnagh.com\/wp-content\/uploads\/2025\/02\/ELNAGH-ABETONE-67.jpg\",\"inLanguage\":\"es\",\"potentialAction\":[{\"@type\":\"CommentAction\",\"name\":\"Comment\",\"target\":[\"https:\/\/www.elnagh.com\/es\/la-autocaravana-en-invierno-5-razones-para-elegir-la-calefaccion-de-gasoleo\/#respond\"]}]},{\"@type\":\"WebPage\",\"@id\":\"https:\/\/www.elnagh.com\/es\/la-autocaravana-en-invierno-5-razones-para-elegir-la-calefaccion-de-gasoleo\/\",\"url\":\"https:\/\/www.elnagh.com\/es\/la-autocaravana-en-invierno-5-razones-para-elegir-la-calefaccion-de-gasoleo\/\",\"name\":\"La autocaravana en invierno: 5 razones para elegir la calefacci\u00f3n de gas\u00f3leo - Elnagh\",\"isPartOf\":{\"@id\":\"https:\/\/www.elnagh.com\/es\/#website\"},\"primaryImageOfPage\":{\"@id\":\"https:\/\/www.elnagh.com\/es\/la-autocaravana-en-invierno-5-razones-para-elegir-la-calefaccion-de-gasoleo\/#primaryimage\"},\"image\":{\"@id\":\"https:\/\/www.elnagh.com\/es\/la-autocaravana-en-invierno-5-razones-para-elegir-la-calefaccion-de-gasoleo\/#primaryimage\"},\"thumbnailUrl\":\"https:\/\/www.elnagh.com\/wp-content\/uploads\/2025\/02\/ELNAGH-ABETONE-67.jpg\",\"datePublished\":\"2025-02-03T13:13:46+00:00\",\"dateModified\":\"2025-03-13T08:33:04+00:00\",\"author\":{\"@id\":\"https:\/\/www.elnagh.com\/es\/#\/schema\/person\/b2a474031e5f0821599e718e489370d4\"},\"breadcrumb\":{\"@id\":\"https:\/\/www.elnagh.com\/es\/la-autocaravana-en-invierno-5-razones-para-elegir-la-calefaccion-de-gasoleo\/#breadcrumb\"},\"inLanguage\":\"es\",\"potentialAction\":[{\"@type\":\"ReadAction\",\"target\":[\"https:\/\/www.elnagh.com\/es\/la-autocaravana-en-invierno-5-razones-para-elegir-la-calefaccion-de-gasoleo\/\"]}]},{\"@type\":\"ImageObject\",\"inLanguage\":\"es\",\"@id\":\"https:\/\/www.elnagh.com\/es\/la-autocaravana-en-invierno-5-razones-para-elegir-la-calefaccion-de-gasoleo\/#primaryimage\",\"url\":\"https:\/\/www.elnagh.com\/wp-content\/uploads\/2025\/02\/ELNAGH-ABETONE-67.jpg\",\"contentUrl\":\"https:\/\/www.elnagh.com\/wp-content\/uploads\/2025\/02\/ELNAGH-ABETONE-67.jpg\",\"width\":1480,\"height\":987},{\"@type\":\"BreadcrumbList\",\"@id\":\"https:\/\/www.elnagh.com\/es\/la-autocaravana-en-invierno-5-razones-para-elegir-la-calefaccion-de-gasoleo\/#breadcrumb\",\"itemListElement\":[{\"@type\":\"ListItem\",\"position\":1,\"name\":\"Home\",\"item\":\"https:\/\/www.elnagh.com\/es\/\"},{\"@type\":\"ListItem\",\"position\":2,\"name\":\"La autocaravana en invierno: 5 razones para elegir la calefacci\u00f3n de gas\u00f3leo\"}]},{\"@type\":\"WebSite\",\"@id\":\"https:\/\/www.elnagh.com\/es\/#website\",\"url\":\"https:\/\/www.elnagh.com\/es\/\",\"name\":\"Elnagh\",\"description\":\"\",\"potentialAction\":[{\"@type\":\"SearchAction\",\"target\":{\"@type\":\"EntryPoint\",\"urlTemplate\":\"https:\/\/www.elnagh.com\/es\/?s={search_term_string}\"},\"query-input\":{\"@type\":\"PropertyValueSpecification\",\"valueRequired\":true,\"valueName\":\"search_term_string\"}}],\"inLanguage\":\"es\"},{\"@type\":\"Person\",\"@id\":\"https:\/\/www.elnagh.com\/es\/#\/schema\/person\/b2a474031e5f0821599e718e489370d4\",\"name\":\"admin@25\",\"image\":{\"@type\":\"ImageObject\",\"inLanguage\":\"es\",\"@id\":\"https:\/\/secure.gravatar.com\/avatar\/1e13a134496ae45e94c3dd4aefc56faf03b6c1d0be57808396a2cb32a0e0e667?s=96&d=mm&r=g\",\"url\":\"https:\/\/secure.gravatar.com\/avatar\/1e13a134496ae45e94c3dd4aefc56faf03b6c1d0be57808396a2cb32a0e0e667?s=96&d=mm&r=g\",\"contentUrl\":\"https:\/\/secure.gravatar.com\/avatar\/1e13a134496ae45e94c3dd4aefc56faf03b6c1d0be57808396a2cb32a0e0e667?s=96&d=mm&r=g\",\"caption\":\"admin@25\"},\"sameAs\":[\"https:\/\/www.elnagh.com\"],\"url\":\"https:\/\/www.elnagh.com\/es\/author\/admin25\/\"}]}<\/script>\n<!-- \/ Yoast SEO plugin. -->","yoast_head_json":{"title":"La autocaravana en invierno: 5 razones para elegir la calefacci\u00f3n de gas\u00f3leo - Elnagh","robots":{"index":"index","follow":"follow","max-snippet":"max-snippet:-1","max-image-preview":"max-image-preview:large","max-video-preview":"max-video-preview:-1"},"canonical":"https:\/\/www.elnagh.com\/es\/la-autocaravana-en-invierno-5-razones-para-elegir-la-calefaccion-de-gasoleo\/","og_locale":"es_ES","og_type":"article","og_title":"La autocaravana en invierno: 5 razones para elegir la calefacci\u00f3n de gas\u00f3leo - Elnagh","og_description":"Veamos juntos c\u00f3mo funciona y cu\u00e1les son las principales ventajas de la calefacci\u00f3n con gas\u00f3leo en comparaci\u00f3n con la tradicional calefacci\u00f3n con gas. &nbsp; Entre los\u00a0sistemas de calefacci\u00f3n para la autocaravana, el de gas\u00f3leo se est\u00e1 extendiendo cada vez m\u00e1s gracias a las innegables ventajas que ofrece. Elnagh, atento int\u00e9rprete de las tendencias y de &hellip; Continued","og_url":"https:\/\/www.elnagh.com\/es\/la-autocaravana-en-invierno-5-razones-para-elegir-la-calefaccion-de-gasoleo\/","og_site_name":"Elnagh","article_published_time":"2025-02-03T13:13:46+00:00","article_modified_time":"2025-03-13T08:33:04+00:00","og_image":[{"width":1480,"height":987,"url":"https:\/\/www.elnagh.com\/wp-content\/uploads\/2025\/02\/ELNAGH-ABETONE-67.jpg","type":"image\/jpeg"}],"author":"admin@25","twitter_card":"summary_large_image","twitter_misc":{"Escrito por":"admin@25","Tiempo de lectura":"2 minutos"},"schema":{"@context":"https:\/\/schema.org","@graph":[{"@type":"Article","@id":"https:\/\/www.elnagh.com\/es\/la-autocaravana-en-invierno-5-razones-para-elegir-la-calefaccion-de-gasoleo\/#article","isPartOf":{"@id":"https:\/\/www.elnagh.com\/es\/la-autocaravana-en-invierno-5-razones-para-elegir-la-calefaccion-de-gasoleo\/"},"author":{"name":"admin@25","@id":"https:\/\/www.elnagh.com\/es\/#\/schema\/person\/b2a474031e5f0821599e718e489370d4"},"headline":"La autocaravana en invierno: 5 razones para elegir la calefacci\u00f3n de gas\u00f3leo","datePublished":"2025-02-03T13:13:46+00:00","dateModified":"2025-03-13T08:33:04+00:00","mainEntityOfPage":{"@id":"https:\/\/www.elnagh.com\/es\/la-autocaravana-en-invierno-5-razones-para-elegir-la-calefaccion-de-gasoleo\/"},"wordCount":372,"commentCount":0,"image":{"@id":"https:\/\/www.elnagh.com\/es\/la-autocaravana-en-invierno-5-razones-para-elegir-la-calefaccion-de-gasoleo\/#primaryimage"},"thumbnailUrl":"https:\/\/www.elnagh.com\/wp-content\/uploads\/2025\/02\/ELNAGH-ABETONE-67.jpg","inLanguage":"es","potentialAction":[{"@type":"CommentAction","name":"Comment","target":["https:\/\/www.elnagh.com\/es\/la-autocaravana-en-invierno-5-razones-para-elegir-la-calefaccion-de-gasoleo\/#respond"]}]},{"@type":"WebPage","@id":"https:\/\/www.elnagh.com\/es\/la-autocaravana-en-invierno-5-razones-para-elegir-la-calefaccion-de-gasoleo\/","url":"https:\/\/www.elnagh.com\/es\/la-autocaravana-en-invierno-5-razones-para-elegir-la-calefaccion-de-gasoleo\/","name":"La autocaravana en invierno: 5 razones para elegir la calefacci\u00f3n de gas\u00f3leo - Elnagh","isPartOf":{"@id":"https:\/\/www.elnagh.com\/es\/#website"},"primaryImageOfPage":{"@id":"https:\/\/www.elnagh.com\/es\/la-autocaravana-en-invierno-5-razones-para-elegir-la-calefaccion-de-gasoleo\/#primaryimage"},"image":{"@id":"https:\/\/www.elnagh.com\/es\/la-autocaravana-en-invierno-5-razones-para-elegir-la-calefaccion-de-gasoleo\/#primaryimage"},"thumbnailUrl":"https:\/\/www.elnagh.com\/wp-content\/uploads\/2025\/02\/ELNAGH-ABETONE-67.jpg","datePublished":"2025-02-03T13:13:46+00:00","dateModified":"2025-03-13T08:33:04+00:00","author":{"@id":"https:\/\/www.elnagh.com\/es\/#\/schema\/person\/b2a474031e5f0821599e718e489370d4"},"breadcrumb":{"@id":"https:\/\/www.elnagh.com\/es\/la-autocaravana-en-invierno-5-razones-para-elegir-la-calefaccion-de-gasoleo\/#breadcrumb"},"inLanguage":"es","potentialAction":[{"@type":"ReadAction","target":["https:\/\/www.elnagh.com\/es\/la-autocaravana-en-invierno-5-razones-para-elegir-la-calefaccion-de-gasoleo\/"]}]},{"@type":"ImageObject","inLanguage":"es","@id":"https:\/\/www.elnagh.com\/es\/la-autocaravana-en-invierno-5-razones-para-elegir-la-calefaccion-de-gasoleo\/#primaryimage","url":"https:\/\/www.elnagh.com\/wp-content\/uploads\/2025\/02\/ELNAGH-ABETONE-67.jpg","contentUrl":"https:\/\/www.elnagh.com\/wp-content\/uploads\/2025\/02\/ELNAGH-ABETONE-67.jpg","width":1480,"height":987},{"@type":"BreadcrumbList","@id":"https:\/\/www.elnagh.com\/es\/la-autocaravana-en-invierno-5-razones-para-elegir-la-calefaccion-de-gasoleo\/#breadcrumb","itemListElement":[{"@type":"ListItem","position":1,"name":"Home","item":"https:\/\/www.elnagh.com\/es\/"},{"@type":"ListItem","position":2,"name":"La autocaravana en invierno: 5 razones para elegir la calefacci\u00f3n de gas\u00f3leo"}]},{"@type":"WebSite","@id":"https:\/\/www.elnagh.com\/es\/#website","url":"https:\/\/www.elnagh.com\/es\/","name":"Elnagh","description":"","potentialAction":[{"@type":"SearchAction","target":{"@type":"EntryPoint","urlTemplate":"https:\/\/www.elnagh.com\/es\/?s={search_term_string}"},"query-input":{"@type":"PropertyValueSpecification","valueRequired":true,"valueName":"search_term_string"}}],"inLanguage":"es"},{"@type":"Person","@id":"https:\/\/www.elnagh.com\/es\/#\/schema\/person\/b2a474031e5f0821599e718e489370d4","name":"admin@25","image":{"@type":"ImageObject","inLanguage":"es","@id":"https:\/\/secure.gravatar.com\/avatar\/1e13a134496ae45e94c3dd4aefc56faf03b6c1d0be57808396a2cb32a0e0e667?s=96&d=mm&r=g","url":"https:\/\/secure.gravatar.com\/avatar\/1e13a134496ae45e94c3dd4aefc56faf03b6c1d0be57808396a2cb32a0e0e667?s=96&d=mm&r=g","contentUrl":"https:\/\/secure.gravatar.com\/avatar\/1e13a134496ae45e94c3dd4aefc56faf03b6c1d0be57808396a2cb32a0e0e667?s=96&d=mm&r=g","caption":"admin@25"},"sameAs":["https:\/\/www.elnagh.com"],"url":"https:\/\/www.elnagh.com\/es\/author\/admin25\/"}]}},"_links":{"self":[{"href":"https:\/\/www.elnagh.com\/es\/wp-json\/wp\/v2\/posts\/1184","targetHints":{"allow":["GET"]}}],"collection":[{"href":"https:\/\/www.elnagh.com\/es\/wp-json\/wp\/v2\/posts"}],"about":[{"href":"https:\/\/www.elnagh.com\/es\/wp-json\/wp\/v2\/types\/post"}],"author":[{"embeddable":true,"href":"https:\/\/www.elnagh.com\/es\/wp-json\/wp\/v2\/users\/1"}],"replies":[{"embeddable":true,"href":"https:\/\/www.elnagh.com\/es\/wp-json\/wp\/v2\/comments?post=1184"}],"version-history":[{"count":3,"href":"https:\/\/www.elnagh.com\/es\/wp-json\/wp\/v2\/posts\/1184\/revisions"}],"predecessor-version":[{"id":3128,"href":"https:\/\/www.elnagh.com\/es\/wp-json\/wp\/v2\/posts\/1184\/revisions\/3128"}],"wp:featuredmedia":[{"embeddable":true,"href":"https:\/\/www.elnagh.com\/es\/wp-json\/wp\/v2\/media\/1568"}],"wp:attachment":[{"href":"https:\/\/www.elnagh.com\/es\/wp-json\/wp\/v2\/media?parent=1184"}],"wp:term":[{"taxonomy":"post_tag","embeddable":true,"href":"https:\/\/www.elnagh.com\/es\/wp-json\/wp\/v2\/tags?post=1184"}],"curies":[{"name":"wp","href":"https:\/\/api.w.org\/{rel}","templated":true}]}}